{"id":1995,"date":"2019-09-02T13:00:16","date_gmt":"2019-09-02T11:00:16","guid":{"rendered":"https:\/\/www.tierramadre.org\/sin-categorizar\/coneix-els-nostres-arrossos-ecologics-i-aromatics-hom-mali\/"},"modified":"2021-03-25T20:09:03","modified_gmt":"2021-03-25T18:09:03","slug":"coneix-els-nostres-arrossos-ecologics-i-aromatics-hom-mali","status":"publish","type":"post","link":"https:\/\/www.tierramadre.org\/ca\/noticies-destacades\/coneix-els-nostres-arrossos-ecologics-i-aromatics-hom-mali\/","title":{"rendered":"Coneix els nostres arrossos ecol\u00f2gics i arom\u00e0tics HOM MALI"},"content":{"rendered":"<p>En aquest post et presentarem els nostres arrossos&nbsp;Hom&nbsp;Mali. Uns deliciosos arrossos ecol\u00f2gics i de Comer\u00e7 Just<\/p>\n<p>L&#8217;arr\u00f2s blanc:<\/p>\n<figure id=\"attachment_1015\" aria-describedby=\"caption-attachment-1015\" style=\"width: 300px\" class=\"wp-caption alignnone\"><img decoding=\"async\" class=\"size-medium wp-image-1015 lazyload\" data-src=\"https:\/\/www.tierramadre.org\/wp-content\/uploads\/61-10316979-300x300.jpg\" alt=\"arroz blanco comercio justo hom mali\" width=\"300\" height=\"300\" data-srcset=\"https:\/\/www.tierramadre.org\/wp-content\/uploads\/61-10316979-300x300.jpg 300w, https:\/\/www.tierramadre.org\/wp-content\/uploads\/61-10316979-150x150.jpg 150w, https:\/\/www.tierramadre.org\/wp-content\/uploads\/61-10316979-768x768.jpg 768w, https:\/\/www.tierramadre.org\/wp-content\/uploads\/61-10316979.jpg 1000w\" data-sizes=\"(max-width: 300px) 100vw, 300px\" src=\"data:image\/svg+xml;base64,PHN2ZyB3aWR0aD0iMSIgaGVpZ2h0PSIxIiB4bWxucz0iaHR0cDovL3d3dy53My5vcmcvMjAwMC9zdmciPjwvc3ZnPg==\" style=\"--smush-placeholder-width: 300px; --smush-placeholder-aspect-ratio: 300\/300;\" \/><figcaption id=\"caption-attachment-1015\" class=\"wp-caption-text\">I l&#8217;integral:<\/figcaption><\/figure>\n<figure id=\"attachment_1013\" aria-describedby=\"caption-attachment-1013\" style=\"width: 300px\" class=\"wp-caption alignnone\"><img decoding=\"async\" class=\"size-medium wp-image-1013 lazyload\" data-src=\"https:\/\/www.tierramadre.org\/wp-content\/uploads\/61-10316993-300x300.jpg\" alt=\"arroz integral comercio justo hom mali\" width=\"300\" height=\"300\" data-srcset=\"https:\/\/www.tierramadre.org\/wp-content\/uploads\/61-10316993-300x300.jpg 300w, https:\/\/www.tierramadre.org\/wp-content\/uploads\/61-10316993-150x150.jpg 150w, https:\/\/www.tierramadre.org\/wp-content\/uploads\/61-10316993-768x768.jpg 768w, https:\/\/www.tierramadre.org\/wp-content\/uploads\/61-10316993.jpg 1000w\" data-sizes=\"(max-width: 300px) 100vw, 300px\" src=\"data:image\/svg+xml;base64,PHN2ZyB3aWR0aD0iMSIgaGVpZ2h0PSIxIiB4bWxucz0iaHR0cDovL3d3dy53My5vcmcvMjAwMC9zdmciPjwvc3ZnPg==\" style=\"--smush-placeholder-width: 300px; --smush-placeholder-aspect-ratio: 300\/300;\" \/><figcaption id=\"caption-attachment-1013\" class=\"wp-caption-text\">arroz integral comercio justo hom mali<\/figcaption><\/figure>\n<p>Aquests arrossos es conreen de forma sostenible en petites plantacions, que utilitzen m\u00e8todes de cultiu tradicionals a l&#8217;interior del Nord de Tail\u00e0ndia. Es tracta d&#8217;arrossos de gra&nbsp; fi i llarg, amb una textura suau i esponjosa en cuinar-ho, la qual cosa fa que quedi molt solt i amb un sabor delicat que el converteix en&nbsp; una&nbsp; varietat de gran qualitat i de les m\u00e9s valorades.<\/p>\n<p>El que fa m\u00e9s diferent a l&#8217;arr\u00f2s&nbsp;Hom&nbsp;Malid&#8217;altres varietats que trobem en el mercat d&#8217;arrossos especials (com el&nbsp;basmati)&nbsp;\u00e9s la seva aroma caracter\u00edstica, que \u00e9s molt arom\u00e0tic i&nbsp; especial. Aquesta aroma \u00e9s el que fa que en espanyol aquesta varietat es conegui tamb\u00e9 coneix com a \u201carr\u00f2s de gessam\u00ed\u201d per alguns dels perfums que evoca.<\/p>\n<p>En boca t\u00e9 un sabor suau i dol\u00e7 que recorda a la nou.<\/p>\n<p>Pot ser bullit, cuinat al vapor o fregit, i servit com a guarnici\u00f3 o per a complementar sopes,&nbsp;curris&nbsp;o plats estilo japon\u00e8s. L&#8217;arr\u00f2s perfecte per a conquistar els paladars m\u00e9s exquisits i preparar els plats m\u00e9s ex\u00f2tics.<\/p>\n<p>Al mateix temps, tamb\u00e9 \u00e9s un arr\u00f2s tan ric que pots utilitzar-lo com a ingredient principal, en un plat d&#8217;arr\u00f2s bullit amb algunes verdures afegides o en el teu plat d&#8217;arr\u00f2s a la cubana per als m\u00e9s petits. Nom\u00e9s amb la seva aroma&#8230; cridar\u00e0s l&#8217;atenci\u00f3 de tots els comensals&#8230; i a m\u00e9s pots aprofitar per a explicar d&#8217;on ve&#8230;<\/p>\n<p><span style=\"font-size: 18px;\"><span style=\"font-size: 18px;\"><b>Origen<\/b><\/span><strong style=\"font-size: 18px;\">&nbsp;de l&#8217;arr\u00f2s<\/strong><\/span><\/p>\n<p>Oxfam Interm\u00f3n compra aquests dos arrossos directament a l&#8217;organitzaci\u00f3 Green&nbsp;Net&nbsp;de Tail\u00e0ndia. L&#8217;organitzaci\u00f3 promou la petita explotaci\u00f3 agr\u00e0ria i aposta per la producci\u00f3 ecol\u00f2gica.<\/p>\n<figure id=\"attachment_1019\" aria-describedby=\"caption-attachment-1019\" style=\"width: 300px\" class=\"wp-caption alignnone\"><img decoding=\"async\" class=\"size-medium wp-image-1019 lazyload\" data-src=\"https:\/\/www.tierramadre.org\/wp-content\/uploads\/61-21253lpr-300x200.jpg\" alt=\"mujer productora de Green Net, arroz comercio justo Tailandia\" width=\"300\" height=\"200\" data-srcset=\"https:\/\/www.tierramadre.org\/wp-content\/uploads\/61-21253lpr-300x200.jpg 300w, https:\/\/www.tierramadre.org\/wp-content\/uploads\/61-21253lpr-768x512.jpg 768w, https:\/\/www.tierramadre.org\/wp-content\/uploads\/61-21253lpr-1024x683.jpg 1024w, https:\/\/www.tierramadre.org\/wp-content\/uploads\/61-21253lpr.jpg 2048w\" data-sizes=\"(max-width: 300px) 100vw, 300px\" src=\"data:image\/svg+xml;base64,PHN2ZyB3aWR0aD0iMSIgaGVpZ2h0PSIxIiB4bWxucz0iaHR0cDovL3d3dy53My5vcmcvMjAwMC9zdmciPjwvc3ZnPg==\" style=\"--smush-placeholder-width: 300px; --smush-placeholder-aspect-ratio: 300\/200;\" \/><figcaption id=\"caption-attachment-1019\" class=\"wp-caption-text\">Mujer productora de Green Net, arroz comercio justo Tailandia<\/figcaption><\/figure>\n<p>Normalment s\u00f3n les dones els qui fan la majoria del treball i el Comer\u00e7 Just contribueix en gran manera al reconeixement del seu treball i de la seva posici\u00f3 social.<\/p>\n<p>GreenNet&nbsp;s&#8217;ha&nbsp;caracteritzat per ser una cooperativa que inverteix molt per l&#8217;I+D en el cultiu d&#8217;arr\u00f2s sostenible i ecol\u00f2gic en el sud-est asi\u00e0tic. \u00c9s el referent del qual molts altres grups estan aprenent. Tamb\u00e9 estan actuant com a consultors per a altres pa\u00efsos de la zona que volen incrementar el seu suport al cultiu de l&#8217;arr\u00f2s ecol\u00f2gic i la conservaci\u00f3 de les seves varietats d&#8217;arr\u00f2s aut\u00f2ctones. Encara que no ho sapiguem existeixen milers de varietats diferents d&#8217;arr\u00f2s en el m\u00f3n.<\/p>\n<h2>Algunes Receptes que et suggerim amb aquests arrossos:<\/h2>\n<h3 style=\"text-align: left;\">RECEPTA D&#8217;ARR\u00d2S&nbsp;HOM&nbsp;MALI&nbsp;Al CURRI AMB&nbsp;ALEMNDRAS&nbsp;I COCO<br \/>\n<img decoding=\"async\" class=\"size-medium wp-image-1020 alignleft lazyload\" data-src=\"https:\/\/www.tierramadre.org\/wp-content\/uploads\/61-pille-riin-priske-xmuIgjuQG0M-unsplash-300x200.jpg\" alt=\"\" width=\"300\" height=\"200\" data-srcset=\"https:\/\/www.tierramadre.org\/wp-content\/uploads\/61-pille-riin-priske-xmuIgjuQG0M-unsplash-300x200.jpg 300w, https:\/\/www.tierramadre.org\/wp-content\/uploads\/61-pille-riin-priske-xmuIgjuQG0M-unsplash-768x512.jpg 768w, https:\/\/www.tierramadre.org\/wp-content\/uploads\/61-pille-riin-priske-xmuIgjuQG0M-unsplash-1024x683.jpg 1024w\" data-sizes=\"(max-width: 300px) 100vw, 300px\" src=\"data:image\/svg+xml;base64,PHN2ZyB3aWR0aD0iMSIgaGVpZ2h0PSIxIiB4bWxucz0iaHR0cDovL3d3dy53My5vcmcvMjAwMC9zdmciPjwvc3ZnPg==\" style=\"--smush-placeholder-width: 300px; --smush-placeholder-aspect-ratio: 300\/200;\" \/><\/h3>\n<p>Ingredients per a 4 persones:<\/p>\n<p>300&nbsp;gr&nbsp;d&#8217;arr\u00f2s&nbsp;Hom&nbsp;Mali, brou de verdures (30 g \u2013 1\/3 gotet), curri en pols (al gust), coco en pols, sal i pebre m\u00f2lt (al gust), 8 ametlles picades i 10 g de panses sultanes<\/p>\n<p>Preparaci\u00f3:<\/p>\n<p>Col\u00b7locar al foc mitj\u00e0 en una cassola el brou durant 1 minut, quan estigui una mica temperat dissoldre el curri i afegir el coco.<br \/>\nIncorporar l&#8217;arr\u00f2s cuit i salpebrar al gust. Remoure l&#8217;arr\u00f2s i deixar durant 4 minuts a foc mitj\u00e0.<\/p>\n<p>Decorar amb ametlles i passes per<\/p>\n<p>damunt Deixar reposar durant un minut i gaudir!<\/p>\n<p>&nbsp;<\/p>\n<p>L&#8217;arr\u00f2s blanc necessita una&nbsp;coci\u00f3n&nbsp;aproximada de 12 minuts, mentre que l&#8217;integral requereix una mica m\u00e9s de temps, uns 30 minuts<\/p>\n<p><strong><span style=\"font-size: 18px;\">On els podeu comprar?<\/span><\/strong><\/p>\n<p>Pots trobar aquests dos arrossos en nostra <a href=\"http:\/\/tienda.oxfamintermon.org\">tienda.oxfamintermon.org:<\/a><\/p>\n<p><a href=\"https:\/\/tienda.oxfamintermon.org\/es\/arroz-hom-mali-integral-bio-500-g.html\">Integral<\/a><\/p>\n<p><a href=\"https:\/\/tienda.oxfamintermon.org\/es\/arroz-hom-mali-blanco-bio-500-g.html\">Blanco<\/a><\/p>\n<p>Tamb\u00e9 els pots trobar en la nostra&nbsp;&nbsp;<a href=\"https:\/\/www.oxfamintermon.org\/es\/que-hacemos\/comercio-justo\/nuestras-tiendas?fbclid=IwAR2QxzNnGl-nFawtT9uufAzZZaK2ntEs97G0rJttP03BsStbCOczS2Q5ta4\">xarxa de botigues<\/a>&nbsp;o a les botigues&nbsp;<a href=\"https:\/\/www.alcampo.es\/compra-online\/alimentacion\/alimentos-especiales-y-ecologicos\/ecologicos\/salado\/pasta-y-arroz\/intermon-oxfam-tierra-madre-arroz-jazmin-hom-mali-bio-500-g\/p\/210460\">Alcampo<\/a>&nbsp;o <a href=\"https:\/\/www.carrefour.es\/supermercado\/arroz-integral-comercio-justo-ecologico-intermon-oxfam-500-g-intermon-oxfam\/R-prod871224\/p\">Carrefour<\/a><\/p>\n<p>&nbsp;<\/p>\n<p>Moltes gr\u00e0cies pel teu&nbsp; inter\u00e8s<\/p>\n<p>&nbsp;<\/p>\n","protected":false},"excerpt":{"rendered":"<p>En aquest post et presentarem els nostres arrossos&nbsp;Hom&nbsp;Mali. Uns deliciosos arrossos ecol\u00f2gics i de Comer\u00e7 Just L&#8217;arr\u00f2s blanc: Aquests arrossos es conreen de forma sostenible en petites plantacions, que utilitzen m\u00e8todes de cultiu tradicionals a l&#8217;interior del Nord de Tail\u00e0ndia. Es tracta d&#8217;arrossos de gra&nbsp; fi i llarg, amb una textura suau i esponjosa en [&hellip;]<\/p>\n","protected":false},"author":2,"featured_media":2000,"comment_status":"open","ping_status":"open","sticky":false,"template":"","format":"standard","meta":{"footnotes":""},"categories":[122],"tags":[],"class_list":["post-1995","post","type-post","status-publish","format-standard","has-post-thumbnail","hentry","category-noticies-destacades"],"yoast_head":"<!-- This site is optimized with the Yoast SEO plugin v27.0 - https:\/\/yoast.com\/product\/yoast-seo-wordpress\/ -->\n<title>Coneix els nostres arrossos ecol\u00f2gics i arom\u00e0tics HOM MALI - Tierra Madre<\/title>\n<meta name=\"robots\" content=\"index, follow, max-snippet:-1, max-image-preview:large, max-video-preview:-1\" \/>\n<link rel=\"canonical\" href=\"https:\/\/www.tierramadre.org\/sin-categorizar\/conoce-nuestros-arroces-hom-mali\/\" \/>\n<meta property=\"og:locale\" content=\"ca_ES\" \/>\n<meta property=\"og:type\" content=\"article\" \/>\n<meta property=\"og:title\" content=\"Coneix els nostres arrossos ecol\u00f2gics i arom\u00e0tics HOM MALI - Tierra Madre\" \/>\n<meta property=\"og:description\" content=\"En aquest post et presentarem els nostres arrossos&nbsp;Hom&nbsp;Mali. Uns deliciosos arrossos ecol\u00f2gics i de Comer\u00e7 Just L&#8217;arr\u00f2s blanc: Aquests arrossos es conreen de forma sostenible en petites plantacions, que utilitzen m\u00e8todes de cultiu tradicionals a l&#8217;interior del Nord de Tail\u00e0ndia. Es tracta d&#8217;arrossos de gra&nbsp; fi i llarg, amb una textura suau i esponjosa en [&hellip;]\" \/>\n<meta property=\"og:url\" content=\"https:\/\/www.tierramadre.org\/sin-categorizar\/conoce-nuestros-arroces-hom-mali\/\" \/>\n<meta property=\"og:site_name\" content=\"Tierra Madre\" \/>\n<meta property=\"article:publisher\" content=\"https:\/\/www.facebook.com\/ComercioJustoOxfamIntermon\" \/>\n<meta property=\"article:published_time\" content=\"2019-09-02T11:00:16+00:00\" \/>\n<meta property=\"article:modified_time\" content=\"2021-03-25T18:09:03+00:00\" \/>\n<meta property=\"og:image\" content=\"https:\/\/www.tierramadre.org\/wp-content\/uploads\/61-36274scr.jpg\" \/>\n\t<meta property=\"og:image:width\" content=\"800\" \/>\n\t<meta property=\"og:image:height\" content=\"533\" \/>\n\t<meta property=\"og:image:type\" content=\"image\/jpeg\" \/>\n<meta name=\"author\" content=\"tierramadre\" \/>\n<meta name=\"twitter:card\" content=\"summary_large_image\" \/>\n<meta name=\"twitter:creator\" content=\"@home\" \/>\n<meta name=\"twitter:site\" content=\"@home\" \/>\n<meta name=\"twitter:label1\" content=\"Escrit per\" \/>\n\t<meta name=\"twitter:data1\" content=\"tierramadre\" \/>\n\t<meta name=\"twitter:label2\" content=\"Temps estimat de lectura\" \/>\n\t<meta name=\"twitter:data2\" content=\"3 minuts\" \/>\n<script type=\"application\/ld+json\" class=\"yoast-schema-graph\">{\"@context\":\"https:\/\/schema.org\",\"@graph\":[{\"@type\":\"Article\",\"@id\":\"https:\/\/www.tierramadre.org\/sin-categorizar\/conoce-nuestros-arroces-hom-mali\/#article\",\"isPartOf\":{\"@id\":\"https:\/\/www.tierramadre.org\/sin-categorizar\/conoce-nuestros-arroces-hom-mali\/\"},\"author\":{\"name\":\"tierramadre\",\"@id\":\"https:\/\/www.tierramadre.org\/#\/schema\/person\/b99408d06c58196461ec8a4fe10f3b1f\"},\"headline\":\"Coneix els nostres arrossos ecol\u00f2gics i arom\u00e0tics HOM MALI\",\"datePublished\":\"2019-09-02T11:00:16+00:00\",\"dateModified\":\"2021-03-25T18:09:03+00:00\",\"mainEntityOfPage\":{\"@id\":\"https:\/\/www.tierramadre.org\/sin-categorizar\/conoce-nuestros-arroces-hom-mali\/\"},\"wordCount\":716,\"commentCount\":0,\"publisher\":{\"@id\":\"https:\/\/www.tierramadre.org\/#organization\"},\"image\":{\"@id\":\"https:\/\/www.tierramadre.org\/sin-categorizar\/conoce-nuestros-arroces-hom-mali\/#primaryimage\"},\"thumbnailUrl\":\"https:\/\/www.tierramadre.org\/wp-content\/uploads\/61-36274scr.jpg\",\"articleSection\":[\"Noticies Destacades\"],\"inLanguage\":\"ca\",\"potentialAction\":[{\"@type\":\"CommentAction\",\"name\":\"Comment\",\"target\":[\"https:\/\/www.tierramadre.org\/sin-categorizar\/conoce-nuestros-arroces-hom-mali\/#respond\"]}]},{\"@type\":\"WebPage\",\"@id\":\"https:\/\/www.tierramadre.org\/sin-categorizar\/conoce-nuestros-arroces-hom-mali\/\",\"url\":\"https:\/\/www.tierramadre.org\/sin-categorizar\/conoce-nuestros-arroces-hom-mali\/\",\"name\":\"Coneix els nostres arrossos ecol\u00f2gics i arom\u00e0tics HOM MALI - Tierra Madre\",\"isPartOf\":{\"@id\":\"https:\/\/www.tierramadre.org\/#website\"},\"primaryImageOfPage\":{\"@id\":\"https:\/\/www.tierramadre.org\/sin-categorizar\/conoce-nuestros-arroces-hom-mali\/#primaryimage\"},\"image\":{\"@id\":\"https:\/\/www.tierramadre.org\/sin-categorizar\/conoce-nuestros-arroces-hom-mali\/#primaryimage\"},\"thumbnailUrl\":\"https:\/\/www.tierramadre.org\/wp-content\/uploads\/61-36274scr.jpg\",\"datePublished\":\"2019-09-02T11:00:16+00:00\",\"dateModified\":\"2021-03-25T18:09:03+00:00\",\"breadcrumb\":{\"@id\":\"https:\/\/www.tierramadre.org\/sin-categorizar\/conoce-nuestros-arroces-hom-mali\/#breadcrumb\"},\"inLanguage\":\"ca\",\"potentialAction\":[{\"@type\":\"ReadAction\",\"target\":[\"https:\/\/www.tierramadre.org\/sin-categorizar\/conoce-nuestros-arroces-hom-mali\/\"]}]},{\"@type\":\"ImageObject\",\"inLanguage\":\"ca\",\"@id\":\"https:\/\/www.tierramadre.org\/sin-categorizar\/conoce-nuestros-arroces-hom-mali\/#primaryimage\",\"url\":\"https:\/\/www.tierramadre.org\/wp-content\/uploads\/61-36274scr.jpg\",\"contentUrl\":\"https:\/\/www.tierramadre.org\/wp-content\/uploads\/61-36274scr.jpg\",\"width\":800,\"height\":533},{\"@type\":\"BreadcrumbList\",\"@id\":\"https:\/\/www.tierramadre.org\/sin-categorizar\/conoce-nuestros-arroces-hom-mali\/#breadcrumb\",\"itemListElement\":[{\"@type\":\"ListItem\",\"position\":1,\"name\":\"Portada\",\"item\":\"https:\/\/www.tierramadre.org\/ca\/\"},{\"@type\":\"ListItem\",\"position\":2,\"name\":\"Coneix els nostres arrossos ecol\u00f2gics i arom\u00e0tics HOM MALI\"}]},{\"@type\":\"WebSite\",\"@id\":\"https:\/\/www.tierramadre.org\/#website\",\"url\":\"https:\/\/www.tierramadre.org\/\",\"name\":\"Tierra Madre\",\"description\":\"La Marca de alimentos naturales de Comercio Justo \u2013 Oxfam Interm\u00f3n\",\"publisher\":{\"@id\":\"https:\/\/www.tierramadre.org\/#organization\"},\"potentialAction\":[{\"@type\":\"SearchAction\",\"target\":{\"@type\":\"EntryPoint\",\"urlTemplate\":\"https:\/\/www.tierramadre.org\/?s={search_term_string}\"},\"query-input\":{\"@type\":\"PropertyValueSpecification\",\"valueRequired\":true,\"valueName\":\"search_term_string\"}}],\"inLanguage\":\"ca\"},{\"@type\":\"Organization\",\"@id\":\"https:\/\/www.tierramadre.org\/#organization\",\"name\":\"Fundaci\u00f3n Oxfam Interm\u00f3n\",\"url\":\"https:\/\/www.tierramadre.org\/\",\"logo\":{\"@type\":\"ImageObject\",\"inLanguage\":\"ca\",\"@id\":\"https:\/\/www.tierramadre.org\/#\/schema\/logo\/image\/\",\"url\":\"https:\/\/www.tierramadre.org\/wp-content\/uploads\/OX_INM_VL_C_RGB.png\",\"contentUrl\":\"https:\/\/www.tierramadre.org\/wp-content\/uploads\/OX_INM_VL_C_RGB.png\",\"width\":2005,\"height\":2304,\"caption\":\"Fundaci\u00f3n Oxfam Interm\u00f3n\"},\"image\":{\"@id\":\"https:\/\/www.tierramadre.org\/#\/schema\/logo\/image\/\"},\"sameAs\":[\"https:\/\/www.facebook.com\/ComercioJustoOxfamIntermon\",\"https:\/\/x.com\/home\",\"https:\/\/www.instagram.com\/comerciojustooxfamintermon\/\",\"https:\/\/www.youtube.com\/channel\/UCP978TjDBqCA14lSWeX1XHA\"]},{\"@type\":\"Person\",\"@id\":\"https:\/\/www.tierramadre.org\/#\/schema\/person\/b99408d06c58196461ec8a4fe10f3b1f\",\"name\":\"tierramadre\",\"image\":{\"@type\":\"ImageObject\",\"inLanguage\":\"ca\",\"@id\":\"https:\/\/www.tierramadre.org\/#\/schema\/person\/image\/\",\"url\":\"https:\/\/secure.gravatar.com\/avatar\/7083b041262993b927f825c4825b8fa817938e1a3ffc2424cf34caea2503032f?s=96&d=mm&r=g\",\"contentUrl\":\"https:\/\/secure.gravatar.com\/avatar\/7083b041262993b927f825c4825b8fa817938e1a3ffc2424cf34caea2503032f?s=96&d=mm&r=g\",\"caption\":\"tierramadre\"}}]}<\/script>\n<!-- \/ Yoast SEO plugin. -->","yoast_head_json":{"title":"Coneix els nostres arrossos ecol\u00f2gics i arom\u00e0tics HOM MALI - Tierra Madre","robots":{"index":"index","follow":"follow","max-snippet":"max-snippet:-1","max-image-preview":"max-image-preview:large","max-video-preview":"max-video-preview:-1"},"canonical":"https:\/\/www.tierramadre.org\/sin-categorizar\/conoce-nuestros-arroces-hom-mali\/","og_locale":"ca_ES","og_type":"article","og_title":"Coneix els nostres arrossos ecol\u00f2gics i arom\u00e0tics HOM MALI - Tierra Madre","og_description":"En aquest post et presentarem els nostres arrossos&nbsp;Hom&nbsp;Mali. Uns deliciosos arrossos ecol\u00f2gics i de Comer\u00e7 Just L&#8217;arr\u00f2s blanc: Aquests arrossos es conreen de forma sostenible en petites plantacions, que utilitzen m\u00e8todes de cultiu tradicionals a l&#8217;interior del Nord de Tail\u00e0ndia. Es tracta d&#8217;arrossos de gra&nbsp; fi i llarg, amb una textura suau i esponjosa en [&hellip;]","og_url":"https:\/\/www.tierramadre.org\/sin-categorizar\/conoce-nuestros-arroces-hom-mali\/","og_site_name":"Tierra Madre","article_publisher":"https:\/\/www.facebook.com\/ComercioJustoOxfamIntermon","article_published_time":"2019-09-02T11:00:16+00:00","article_modified_time":"2021-03-25T18:09:03+00:00","og_image":[{"width":800,"height":533,"url":"https:\/\/www.tierramadre.org\/wp-content\/uploads\/61-36274scr.jpg","type":"image\/jpeg"}],"author":"tierramadre","twitter_card":"summary_large_image","twitter_creator":"@home","twitter_site":"@home","twitter_misc":{"Escrit per":"tierramadre","Temps estimat de lectura":"3 minuts"},"schema":{"@context":"https:\/\/schema.org","@graph":[{"@type":"Article","@id":"https:\/\/www.tierramadre.org\/sin-categorizar\/conoce-nuestros-arroces-hom-mali\/#article","isPartOf":{"@id":"https:\/\/www.tierramadre.org\/sin-categorizar\/conoce-nuestros-arroces-hom-mali\/"},"author":{"name":"tierramadre","@id":"https:\/\/www.tierramadre.org\/#\/schema\/person\/b99408d06c58196461ec8a4fe10f3b1f"},"headline":"Coneix els nostres arrossos ecol\u00f2gics i arom\u00e0tics HOM MALI","datePublished":"2019-09-02T11:00:16+00:00","dateModified":"2021-03-25T18:09:03+00:00","mainEntityOfPage":{"@id":"https:\/\/www.tierramadre.org\/sin-categorizar\/conoce-nuestros-arroces-hom-mali\/"},"wordCount":716,"commentCount":0,"publisher":{"@id":"https:\/\/www.tierramadre.org\/#organization"},"image":{"@id":"https:\/\/www.tierramadre.org\/sin-categorizar\/conoce-nuestros-arroces-hom-mali\/#primaryimage"},"thumbnailUrl":"https:\/\/www.tierramadre.org\/wp-content\/uploads\/61-36274scr.jpg","articleSection":["Noticies Destacades"],"inLanguage":"ca","potentialAction":[{"@type":"CommentAction","name":"Comment","target":["https:\/\/www.tierramadre.org\/sin-categorizar\/conoce-nuestros-arroces-hom-mali\/#respond"]}]},{"@type":"WebPage","@id":"https:\/\/www.tierramadre.org\/sin-categorizar\/conoce-nuestros-arroces-hom-mali\/","url":"https:\/\/www.tierramadre.org\/sin-categorizar\/conoce-nuestros-arroces-hom-mali\/","name":"Coneix els nostres arrossos ecol\u00f2gics i arom\u00e0tics HOM MALI - Tierra Madre","isPartOf":{"@id":"https:\/\/www.tierramadre.org\/#website"},"primaryImageOfPage":{"@id":"https:\/\/www.tierramadre.org\/sin-categorizar\/conoce-nuestros-arroces-hom-mali\/#primaryimage"},"image":{"@id":"https:\/\/www.tierramadre.org\/sin-categorizar\/conoce-nuestros-arroces-hom-mali\/#primaryimage"},"thumbnailUrl":"https:\/\/www.tierramadre.org\/wp-content\/uploads\/61-36274scr.jpg","datePublished":"2019-09-02T11:00:16+00:00","dateModified":"2021-03-25T18:09:03+00:00","breadcrumb":{"@id":"https:\/\/www.tierramadre.org\/sin-categorizar\/conoce-nuestros-arroces-hom-mali\/#breadcrumb"},"inLanguage":"ca","potentialAction":[{"@type":"ReadAction","target":["https:\/\/www.tierramadre.org\/sin-categorizar\/conoce-nuestros-arroces-hom-mali\/"]}]},{"@type":"ImageObject","inLanguage":"ca","@id":"https:\/\/www.tierramadre.org\/sin-categorizar\/conoce-nuestros-arroces-hom-mali\/#primaryimage","url":"https:\/\/www.tierramadre.org\/wp-content\/uploads\/61-36274scr.jpg","contentUrl":"https:\/\/www.tierramadre.org\/wp-content\/uploads\/61-36274scr.jpg","width":800,"height":533},{"@type":"BreadcrumbList","@id":"https:\/\/www.tierramadre.org\/sin-categorizar\/conoce-nuestros-arroces-hom-mali\/#breadcrumb","itemListElement":[{"@type":"ListItem","position":1,"name":"Portada","item":"https:\/\/www.tierramadre.org\/ca\/"},{"@type":"ListItem","position":2,"name":"Coneix els nostres arrossos ecol\u00f2gics i arom\u00e0tics HOM MALI"}]},{"@type":"WebSite","@id":"https:\/\/www.tierramadre.org\/#website","url":"https:\/\/www.tierramadre.org\/","name":"Tierra Madre","description":"La Marca de alimentos naturales de Comercio Justo \u2013 Oxfam Interm\u00f3n","publisher":{"@id":"https:\/\/www.tierramadre.org\/#organization"},"potentialAction":[{"@type":"SearchAction","target":{"@type":"EntryPoint","urlTemplate":"https:\/\/www.tierramadre.org\/?s={search_term_string}"},"query-input":{"@type":"PropertyValueSpecification","valueRequired":true,"valueName":"search_term_string"}}],"inLanguage":"ca"},{"@type":"Organization","@id":"https:\/\/www.tierramadre.org\/#organization","name":"Fundaci\u00f3n Oxfam Interm\u00f3n","url":"https:\/\/www.tierramadre.org\/","logo":{"@type":"ImageObject","inLanguage":"ca","@id":"https:\/\/www.tierramadre.org\/#\/schema\/logo\/image\/","url":"https:\/\/www.tierramadre.org\/wp-content\/uploads\/OX_INM_VL_C_RGB.png","contentUrl":"https:\/\/www.tierramadre.org\/wp-content\/uploads\/OX_INM_VL_C_RGB.png","width":2005,"height":2304,"caption":"Fundaci\u00f3n Oxfam Interm\u00f3n"},"image":{"@id":"https:\/\/www.tierramadre.org\/#\/schema\/logo\/image\/"},"sameAs":["https:\/\/www.facebook.com\/ComercioJustoOxfamIntermon","https:\/\/x.com\/home","https:\/\/www.instagram.com\/comerciojustooxfamintermon\/","https:\/\/www.youtube.com\/channel\/UCP978TjDBqCA14lSWeX1XHA"]},{"@type":"Person","@id":"https:\/\/www.tierramadre.org\/#\/schema\/person\/b99408d06c58196461ec8a4fe10f3b1f","name":"tierramadre","image":{"@type":"ImageObject","inLanguage":"ca","@id":"https:\/\/www.tierramadre.org\/#\/schema\/person\/image\/","url":"https:\/\/secure.gravatar.com\/avatar\/7083b041262993b927f825c4825b8fa817938e1a3ffc2424cf34caea2503032f?s=96&d=mm&r=g","contentUrl":"https:\/\/secure.gravatar.com\/avatar\/7083b041262993b927f825c4825b8fa817938e1a3ffc2424cf34caea2503032f?s=96&d=mm&r=g","caption":"tierramadre"}}]}},"_links":{"self":[{"href":"https:\/\/www.tierramadre.org\/ca\/wp-json\/wp\/v2\/posts\/1995","targetHints":{"allow":["GET"]}}],"collection":[{"href":"https:\/\/www.tierramadre.org\/ca\/wp-json\/wp\/v2\/posts"}],"about":[{"href":"https:\/\/www.tierramadre.org\/ca\/wp-json\/wp\/v2\/types\/post"}],"author":[{"embeddable":true,"href":"https:\/\/www.tierramadre.org\/ca\/wp-json\/wp\/v2\/users\/2"}],"replies":[{"embeddable":true,"href":"https:\/\/www.tierramadre.org\/ca\/wp-json\/wp\/v2\/comments?post=1995"}],"version-history":[{"count":1,"href":"https:\/\/www.tierramadre.org\/ca\/wp-json\/wp\/v2\/posts\/1995\/revisions"}],"predecessor-version":[{"id":2199,"href":"https:\/\/www.tierramadre.org\/ca\/wp-json\/wp\/v2\/posts\/1995\/revisions\/2199"}],"wp:featuredmedia":[{"embeddable":true,"href":"https:\/\/www.tierramadre.org\/ca\/wp-json\/wp\/v2\/media\/2000"}],"wp:attachment":[{"href":"https:\/\/www.tierramadre.org\/ca\/wp-json\/wp\/v2\/media?parent=1995"}],"wp:term":[{"taxonomy":"category","embeddable":true,"href":"https:\/\/www.tierramadre.org\/ca\/wp-json\/wp\/v2\/categories?post=1995"},{"taxonomy":"post_tag","embeddable":true,"href":"https:\/\/www.tierramadre.org\/ca\/wp-json\/wp\/v2\/tags?post=1995"}],"curies":[{"name":"wp","href":"https:\/\/api.w.org\/{rel}","templated":true}]}}