{"id":2083,"date":"2020-09-09T15:24:40","date_gmt":"2020-09-09T13:24:40","guid":{"rendered":"https:\/\/www.tierramadre.org\/sin-categorizar\/sobre-incendi-en-el-camp-de-refugiats-de-moria-en-grecia\/"},"modified":"2021-03-25T20:15:08","modified_gmt":"2021-03-25T18:15:08","slug":"sobre-incendi-en-el-camp-de-refugiats-de-moria-en-grecia","status":"publish","type":"post","link":"https:\/\/www.tierramadre.org\/ca\/noticies-destacades\/sobre-incendi-en-el-camp-de-refugiats-de-moria-en-grecia\/","title":{"rendered":"Sobre incendi en el Camp de Refugiats de Moria en Gr\u00e8cia"},"content":{"rendered":"<p>Un incendi ha destru\u00eft la major part del camp de persones refugiades de Moria a Lesbos, Gr\u00e8cia. El campament i centre de primera acollida, afavorit per la UE, albergava m\u00e9s de 12.000 persones, tot i que la seva capacitat oficial era de menys de 3.000 places. <strong>Oxfam Interm\u00f3n i el Consell Grec per als Refugiats (el seu soci local a Lesbos), demanen una investigaci\u00f3 sobre el paper de la UE en la protecci\u00f3 de les persones refugiades<\/strong> i la conseg\u00fcent trag\u00e8dia humanit\u00e0ria que es desenvolupa des de fa anys a l&#8217;illa.<\/p>\n<p>&#8220;Aquesta trag\u00e8dia totalment evitable hauria de desencadenar <strong>un canvi radical en la resposta de la UE i Gr\u00e8cia<\/strong> a l&#8217;arribada de persones que busquen asil a Europa, que clarament ha fracassat&#8221;, diu <strong>Spyros-Vlad Oikonomou, responsable del Consell Grec per als Refugiats<\/strong>.<\/p>\n<p>\u201cL&#8217;anunciat trasllat a la Gr\u00e8cia continental de tots els nens i nenes no acompanyats a Moria \u00e9s un primer pas important per alleujar aquesta crisi humanit\u00e0ria. Els governs de la UE han de donar ara suport immediatament a Gr\u00e8cia per traslladar totes les persones que busquen asil des dels camps de refugiats de les illes a llocs segurs a tot Europa&#8221;.<\/p>\n<p>Per la seva banda, segons <strong>Evelien van Roemburg, responsable de la campanya de migraci\u00f3 a Europa d&#8217;Oxfam<\/strong>, &#8220;la trag\u00e8dia humanit\u00e0ria que ha condu\u00eft a aquest devastador incendi \u00e9s la conseq\u00fc\u00e8ncia d&#8217;anys d&#8217;una resposta equivocada de la UE i els seus estats membres a l&#8217;arribada de persones que fugen del conflicte i la persecuci\u00f3. Sense ignorar la responsabilitat de l&#8217;estat grec, el Parlament Europeu ha d&#8217;iniciar una investigaci\u00f3 sobre les pol\u00edtiques i pr\u00e0ctiques de la UE i els seus estats membres que han portat a la gesti\u00f3 completament nefasta dels centres d&#8217;acollida promoguts per la UE a les illes gregues.<\/p>\n","protected":false},"excerpt":{"rendered":"<p>Un incendi ha destru\u00eft la major part del camp de persones refugiades de Moria a Lesbos, Gr\u00e8cia. El campament i centre de primera acollida, afavorit per la UE, albergava m\u00e9s de 12.000 persones, tot i que la seva capacitat oficial era de menys de 3.000 places. Oxfam Interm\u00f3n i el Consell Grec per als Refugiats [&hellip;]<\/p>\n","protected":false},"author":2,"featured_media":2084,"comment_status":"open","ping_status":"open","sticky":false,"template":"","format":"standard","meta":{"footnotes":""},"categories":[122],"tags":[],"class_list":["post-2083","post","type-post","status-publish","format-standard","has-post-thumbnail","hentry","category-noticies-destacades"],"yoast_head":"<!-- This site is optimized with the Yoast SEO plugin v27.0 - https:\/\/yoast.com\/product\/yoast-seo-wordpress\/ -->\n<title>Sobre incendi en el Camp de Refugiats de Moria en Gr\u00e8cia - Tierra Madre<\/title>\n<meta name=\"robots\" content=\"index, follow, max-snippet:-1, max-image-preview:large, max-video-preview:-1\" \/>\n<link rel=\"canonical\" href=\"https:\/\/www.tierramadre.org\/sin-categorizar\/sobre-el-incendio-en-el-campo-de-refugiados-de-moria-en-grecia\/\" \/>\n<meta property=\"og:locale\" content=\"ca_ES\" \/>\n<meta property=\"og:type\" content=\"article\" \/>\n<meta property=\"og:title\" content=\"Sobre incendi en el Camp de Refugiats de Moria en Gr\u00e8cia - Tierra Madre\" \/>\n<meta property=\"og:description\" content=\"Un incendi ha destru\u00eft la major part del camp de persones refugiades de Moria a Lesbos, Gr\u00e8cia. El campament i centre de primera acollida, afavorit per la UE, albergava m\u00e9s de 12.000 persones, tot i que la seva capacitat oficial era de menys de 3.000 places. Oxfam Interm\u00f3n i el Consell Grec per als Refugiats [&hellip;]\" \/>\n<meta property=\"og:url\" content=\"https:\/\/www.tierramadre.org\/sin-categorizar\/sobre-el-incendio-en-el-campo-de-refugiados-de-moria-en-grecia\/\" \/>\n<meta property=\"og:site_name\" content=\"Tierra Madre\" \/>\n<meta property=\"article:publisher\" content=\"https:\/\/www.facebook.com\/ComercioJustoOxfamIntermon\" \/>\n<meta property=\"article:published_time\" content=\"2020-09-09T13:24:40+00:00\" \/>\n<meta property=\"article:modified_time\" content=\"2021-03-25T18:15:08+00:00\" \/>\n<meta property=\"og:image\" content=\"https:\/\/www.tierramadre.org\/wp-content\/uploads\/tierra-madre-logo.png\" \/>\n\t<meta property=\"og:image:width\" content=\"639\" \/>\n\t<meta property=\"og:image:height\" content=\"636\" \/>\n\t<meta property=\"og:image:type\" content=\"image\/png\" \/>\n<meta name=\"author\" content=\"tierramadre\" \/>\n<meta name=\"twitter:card\" content=\"summary_large_image\" \/>\n<meta name=\"twitter:creator\" content=\"@home\" \/>\n<meta name=\"twitter:site\" content=\"@home\" \/>\n<meta name=\"twitter:label1\" content=\"Escrit per\" \/>\n\t<meta name=\"twitter:data1\" content=\"tierramadre\" \/>\n\t<meta name=\"twitter:label2\" content=\"Temps estimat de lectura\" \/>\n\t<meta name=\"twitter:data2\" content=\"2 minuts\" \/>\n<script type=\"application\/ld+json\" class=\"yoast-schema-graph\">{\"@context\":\"https:\/\/schema.org\",\"@graph\":[{\"@type\":\"Article\",\"@id\":\"https:\/\/www.tierramadre.org\/sin-categorizar\/sobre-el-incendio-en-el-campo-de-refugiados-de-moria-en-grecia\/#article\",\"isPartOf\":{\"@id\":\"https:\/\/www.tierramadre.org\/sin-categorizar\/sobre-el-incendio-en-el-campo-de-refugiados-de-moria-en-grecia\/\"},\"author\":{\"name\":\"tierramadre\",\"@id\":\"https:\/\/www.tierramadre.org\/#\/schema\/person\/b99408d06c58196461ec8a4fe10f3b1f\"},\"headline\":\"Sobre incendi en el Camp de Refugiats de Moria en Gr\u00e8cia\",\"datePublished\":\"2020-09-09T13:24:40+00:00\",\"dateModified\":\"2021-03-25T18:15:08+00:00\",\"mainEntityOfPage\":{\"@id\":\"https:\/\/www.tierramadre.org\/sin-categorizar\/sobre-el-incendio-en-el-campo-de-refugiados-de-moria-en-grecia\/\"},\"wordCount\":330,\"commentCount\":0,\"publisher\":{\"@id\":\"https:\/\/www.tierramadre.org\/#organization\"},\"image\":{\"@id\":\"https:\/\/www.tierramadre.org\/sin-categorizar\/sobre-el-incendio-en-el-campo-de-refugiados-de-moria-en-grecia\/#primaryimage\"},\"thumbnailUrl\":\"https:\/\/www.tierramadre.org\/wp-content\/uploads\/tierra-madre-logo.png\",\"articleSection\":[\"Noticies Destacades\"],\"inLanguage\":\"ca\",\"potentialAction\":[{\"@type\":\"CommentAction\",\"name\":\"Comment\",\"target\":[\"https:\/\/www.tierramadre.org\/sin-categorizar\/sobre-el-incendio-en-el-campo-de-refugiados-de-moria-en-grecia\/#respond\"]}]},{\"@type\":\"WebPage\",\"@id\":\"https:\/\/www.tierramadre.org\/sin-categorizar\/sobre-el-incendio-en-el-campo-de-refugiados-de-moria-en-grecia\/\",\"url\":\"https:\/\/www.tierramadre.org\/sin-categorizar\/sobre-el-incendio-en-el-campo-de-refugiados-de-moria-en-grecia\/\",\"name\":\"Sobre incendi en el Camp de Refugiats de Moria en Gr\u00e8cia - Tierra Madre\",\"isPartOf\":{\"@id\":\"https:\/\/www.tierramadre.org\/#website\"},\"primaryImageOfPage\":{\"@id\":\"https:\/\/www.tierramadre.org\/sin-categorizar\/sobre-el-incendio-en-el-campo-de-refugiados-de-moria-en-grecia\/#primaryimage\"},\"image\":{\"@id\":\"https:\/\/www.tierramadre.org\/sin-categorizar\/sobre-el-incendio-en-el-campo-de-refugiados-de-moria-en-grecia\/#primaryimage\"},\"thumbnailUrl\":\"https:\/\/www.tierramadre.org\/wp-content\/uploads\/tierra-madre-logo.png\",\"datePublished\":\"2020-09-09T13:24:40+00:00\",\"dateModified\":\"2021-03-25T18:15:08+00:00\",\"breadcrumb\":{\"@id\":\"https:\/\/www.tierramadre.org\/sin-categorizar\/sobre-el-incendio-en-el-campo-de-refugiados-de-moria-en-grecia\/#breadcrumb\"},\"inLanguage\":\"ca\",\"potentialAction\":[{\"@type\":\"ReadAction\",\"target\":[\"https:\/\/www.tierramadre.org\/sin-categorizar\/sobre-el-incendio-en-el-campo-de-refugiados-de-moria-en-grecia\/\"]}]},{\"@type\":\"ImageObject\",\"inLanguage\":\"ca\",\"@id\":\"https:\/\/www.tierramadre.org\/sin-categorizar\/sobre-el-incendio-en-el-campo-de-refugiados-de-moria-en-grecia\/#primaryimage\",\"url\":\"https:\/\/www.tierramadre.org\/wp-content\/uploads\/tierra-madre-logo.png\",\"contentUrl\":\"https:\/\/www.tierramadre.org\/wp-content\/uploads\/tierra-madre-logo.png\",\"width\":639,\"height\":636},{\"@type\":\"BreadcrumbList\",\"@id\":\"https:\/\/www.tierramadre.org\/sin-categorizar\/sobre-el-incendio-en-el-campo-de-refugiados-de-moria-en-grecia\/#breadcrumb\",\"itemListElement\":[{\"@type\":\"ListItem\",\"position\":1,\"name\":\"Portada\",\"item\":\"https:\/\/www.tierramadre.org\/ca\/\"},{\"@type\":\"ListItem\",\"position\":2,\"name\":\"Sobre incendi en el Camp de Refugiats de Moria en Gr\u00e8cia\"}]},{\"@type\":\"WebSite\",\"@id\":\"https:\/\/www.tierramadre.org\/#website\",\"url\":\"https:\/\/www.tierramadre.org\/\",\"name\":\"Tierra Madre\",\"description\":\"La Marca de alimentos naturales de Comercio Justo \u2013 Oxfam Interm\u00f3n\",\"publisher\":{\"@id\":\"https:\/\/www.tierramadre.org\/#organization\"},\"potentialAction\":[{\"@type\":\"SearchAction\",\"target\":{\"@type\":\"EntryPoint\",\"urlTemplate\":\"https:\/\/www.tierramadre.org\/?s={search_term_string}\"},\"query-input\":{\"@type\":\"PropertyValueSpecification\",\"valueRequired\":true,\"valueName\":\"search_term_string\"}}],\"inLanguage\":\"ca\"},{\"@type\":\"Organization\",\"@id\":\"https:\/\/www.tierramadre.org\/#organization\",\"name\":\"Fundaci\u00f3n Oxfam Interm\u00f3n\",\"url\":\"https:\/\/www.tierramadre.org\/\",\"logo\":{\"@type\":\"ImageObject\",\"inLanguage\":\"ca\",\"@id\":\"https:\/\/www.tierramadre.org\/#\/schema\/logo\/image\/\",\"url\":\"https:\/\/www.tierramadre.org\/wp-content\/uploads\/OX_INM_VL_C_RGB.png\",\"contentUrl\":\"https:\/\/www.tierramadre.org\/wp-content\/uploads\/OX_INM_VL_C_RGB.png\",\"width\":2005,\"height\":2304,\"caption\":\"Fundaci\u00f3n Oxfam Interm\u00f3n\"},\"image\":{\"@id\":\"https:\/\/www.tierramadre.org\/#\/schema\/logo\/image\/\"},\"sameAs\":[\"https:\/\/www.facebook.com\/ComercioJustoOxfamIntermon\",\"https:\/\/x.com\/home\",\"https:\/\/www.instagram.com\/comerciojustooxfamintermon\/\",\"https:\/\/www.youtube.com\/channel\/UCP978TjDBqCA14lSWeX1XHA\"]},{\"@type\":\"Person\",\"@id\":\"https:\/\/www.tierramadre.org\/#\/schema\/person\/b99408d06c58196461ec8a4fe10f3b1f\",\"name\":\"tierramadre\",\"image\":{\"@type\":\"ImageObject\",\"inLanguage\":\"ca\",\"@id\":\"https:\/\/www.tierramadre.org\/#\/schema\/person\/image\/\",\"url\":\"https:\/\/secure.gravatar.com\/avatar\/7083b041262993b927f825c4825b8fa817938e1a3ffc2424cf34caea2503032f?s=96&d=mm&r=g\",\"contentUrl\":\"https:\/\/secure.gravatar.com\/avatar\/7083b041262993b927f825c4825b8fa817938e1a3ffc2424cf34caea2503032f?s=96&d=mm&r=g\",\"caption\":\"tierramadre\"}}]}<\/script>\n<!-- \/ Yoast SEO plugin. -->","yoast_head_json":{"title":"Sobre incendi en el Camp de Refugiats de Moria en Gr\u00e8cia - Tierra Madre","robots":{"index":"index","follow":"follow","max-snippet":"max-snippet:-1","max-image-preview":"max-image-preview:large","max-video-preview":"max-video-preview:-1"},"canonical":"https:\/\/www.tierramadre.org\/sin-categorizar\/sobre-el-incendio-en-el-campo-de-refugiados-de-moria-en-grecia\/","og_locale":"ca_ES","og_type":"article","og_title":"Sobre incendi en el Camp de Refugiats de Moria en Gr\u00e8cia - Tierra Madre","og_description":"Un incendi ha destru\u00eft la major part del camp de persones refugiades de Moria a Lesbos, Gr\u00e8cia. El campament i centre de primera acollida, afavorit per la UE, albergava m\u00e9s de 12.000 persones, tot i que la seva capacitat oficial era de menys de 3.000 places. Oxfam Interm\u00f3n i el Consell Grec per als Refugiats [&hellip;]","og_url":"https:\/\/www.tierramadre.org\/sin-categorizar\/sobre-el-incendio-en-el-campo-de-refugiados-de-moria-en-grecia\/","og_site_name":"Tierra Madre","article_publisher":"https:\/\/www.facebook.com\/ComercioJustoOxfamIntermon","article_published_time":"2020-09-09T13:24:40+00:00","article_modified_time":"2021-03-25T18:15:08+00:00","og_image":[{"width":639,"height":636,"url":"https:\/\/www.tierramadre.org\/wp-content\/uploads\/tierra-madre-logo.png","type":"image\/png"}],"author":"tierramadre","twitter_card":"summary_large_image","twitter_creator":"@home","twitter_site":"@home","twitter_misc":{"Escrit per":"tierramadre","Temps estimat de lectura":"2 minuts"},"schema":{"@context":"https:\/\/schema.org","@graph":[{"@type":"Article","@id":"https:\/\/www.tierramadre.org\/sin-categorizar\/sobre-el-incendio-en-el-campo-de-refugiados-de-moria-en-grecia\/#article","isPartOf":{"@id":"https:\/\/www.tierramadre.org\/sin-categorizar\/sobre-el-incendio-en-el-campo-de-refugiados-de-moria-en-grecia\/"},"author":{"name":"tierramadre","@id":"https:\/\/www.tierramadre.org\/#\/schema\/person\/b99408d06c58196461ec8a4fe10f3b1f"},"headline":"Sobre incendi en el Camp de Refugiats de Moria en Gr\u00e8cia","datePublished":"2020-09-09T13:24:40+00:00","dateModified":"2021-03-25T18:15:08+00:00","mainEntityOfPage":{"@id":"https:\/\/www.tierramadre.org\/sin-categorizar\/sobre-el-incendio-en-el-campo-de-refugiados-de-moria-en-grecia\/"},"wordCount":330,"commentCount":0,"publisher":{"@id":"https:\/\/www.tierramadre.org\/#organization"},"image":{"@id":"https:\/\/www.tierramadre.org\/sin-categorizar\/sobre-el-incendio-en-el-campo-de-refugiados-de-moria-en-grecia\/#primaryimage"},"thumbnailUrl":"https:\/\/www.tierramadre.org\/wp-content\/uploads\/tierra-madre-logo.png","articleSection":["Noticies Destacades"],"inLanguage":"ca","potentialAction":[{"@type":"CommentAction","name":"Comment","target":["https:\/\/www.tierramadre.org\/sin-categorizar\/sobre-el-incendio-en-el-campo-de-refugiados-de-moria-en-grecia\/#respond"]}]},{"@type":"WebPage","@id":"https:\/\/www.tierramadre.org\/sin-categorizar\/sobre-el-incendio-en-el-campo-de-refugiados-de-moria-en-grecia\/","url":"https:\/\/www.tierramadre.org\/sin-categorizar\/sobre-el-incendio-en-el-campo-de-refugiados-de-moria-en-grecia\/","name":"Sobre incendi en el Camp de Refugiats de Moria en Gr\u00e8cia - Tierra Madre","isPartOf":{"@id":"https:\/\/www.tierramadre.org\/#website"},"primaryImageOfPage":{"@id":"https:\/\/www.tierramadre.org\/sin-categorizar\/sobre-el-incendio-en-el-campo-de-refugiados-de-moria-en-grecia\/#primaryimage"},"image":{"@id":"https:\/\/www.tierramadre.org\/sin-categorizar\/sobre-el-incendio-en-el-campo-de-refugiados-de-moria-en-grecia\/#primaryimage"},"thumbnailUrl":"https:\/\/www.tierramadre.org\/wp-content\/uploads\/tierra-madre-logo.png","datePublished":"2020-09-09T13:24:40+00:00","dateModified":"2021-03-25T18:15:08+00:00","breadcrumb":{"@id":"https:\/\/www.tierramadre.org\/sin-categorizar\/sobre-el-incendio-en-el-campo-de-refugiados-de-moria-en-grecia\/#breadcrumb"},"inLanguage":"ca","potentialAction":[{"@type":"ReadAction","target":["https:\/\/www.tierramadre.org\/sin-categorizar\/sobre-el-incendio-en-el-campo-de-refugiados-de-moria-en-grecia\/"]}]},{"@type":"ImageObject","inLanguage":"ca","@id":"https:\/\/www.tierramadre.org\/sin-categorizar\/sobre-el-incendio-en-el-campo-de-refugiados-de-moria-en-grecia\/#primaryimage","url":"https:\/\/www.tierramadre.org\/wp-content\/uploads\/tierra-madre-logo.png","contentUrl":"https:\/\/www.tierramadre.org\/wp-content\/uploads\/tierra-madre-logo.png","width":639,"height":636},{"@type":"BreadcrumbList","@id":"https:\/\/www.tierramadre.org\/sin-categorizar\/sobre-el-incendio-en-el-campo-de-refugiados-de-moria-en-grecia\/#breadcrumb","itemListElement":[{"@type":"ListItem","position":1,"name":"Portada","item":"https:\/\/www.tierramadre.org\/ca\/"},{"@type":"ListItem","position":2,"name":"Sobre incendi en el Camp de Refugiats de Moria en Gr\u00e8cia"}]},{"@type":"WebSite","@id":"https:\/\/www.tierramadre.org\/#website","url":"https:\/\/www.tierramadre.org\/","name":"Tierra Madre","description":"La Marca de alimentos naturales de Comercio Justo \u2013 Oxfam Interm\u00f3n","publisher":{"@id":"https:\/\/www.tierramadre.org\/#organization"},"potentialAction":[{"@type":"SearchAction","target":{"@type":"EntryPoint","urlTemplate":"https:\/\/www.tierramadre.org\/?s={search_term_string}"},"query-input":{"@type":"PropertyValueSpecification","valueRequired":true,"valueName":"search_term_string"}}],"inLanguage":"ca"},{"@type":"Organization","@id":"https:\/\/www.tierramadre.org\/#organization","name":"Fundaci\u00f3n Oxfam Interm\u00f3n","url":"https:\/\/www.tierramadre.org\/","logo":{"@type":"ImageObject","inLanguage":"ca","@id":"https:\/\/www.tierramadre.org\/#\/schema\/logo\/image\/","url":"https:\/\/www.tierramadre.org\/wp-content\/uploads\/OX_INM_VL_C_RGB.png","contentUrl":"https:\/\/www.tierramadre.org\/wp-content\/uploads\/OX_INM_VL_C_RGB.png","width":2005,"height":2304,"caption":"Fundaci\u00f3n Oxfam Interm\u00f3n"},"image":{"@id":"https:\/\/www.tierramadre.org\/#\/schema\/logo\/image\/"},"sameAs":["https:\/\/www.facebook.com\/ComercioJustoOxfamIntermon","https:\/\/x.com\/home","https:\/\/www.instagram.com\/comerciojustooxfamintermon\/","https:\/\/www.youtube.com\/channel\/UCP978TjDBqCA14lSWeX1XHA"]},{"@type":"Person","@id":"https:\/\/www.tierramadre.org\/#\/schema\/person\/b99408d06c58196461ec8a4fe10f3b1f","name":"tierramadre","image":{"@type":"ImageObject","inLanguage":"ca","@id":"https:\/\/www.tierramadre.org\/#\/schema\/person\/image\/","url":"https:\/\/secure.gravatar.com\/avatar\/7083b041262993b927f825c4825b8fa817938e1a3ffc2424cf34caea2503032f?s=96&d=mm&r=g","contentUrl":"https:\/\/secure.gravatar.com\/avatar\/7083b041262993b927f825c4825b8fa817938e1a3ffc2424cf34caea2503032f?s=96&d=mm&r=g","caption":"tierramadre"}}]}},"_links":{"self":[{"href":"https:\/\/www.tierramadre.org\/ca\/wp-json\/wp\/v2\/posts\/2083","targetHints":{"allow":["GET"]}}],"collection":[{"href":"https:\/\/www.tierramadre.org\/ca\/wp-json\/wp\/v2\/posts"}],"about":[{"href":"https:\/\/www.tierramadre.org\/ca\/wp-json\/wp\/v2\/types\/post"}],"author":[{"embeddable":true,"href":"https:\/\/www.tierramadre.org\/ca\/wp-json\/wp\/v2\/users\/2"}],"replies":[{"embeddable":true,"href":"https:\/\/www.tierramadre.org\/ca\/wp-json\/wp\/v2\/comments?post=2083"}],"version-history":[{"count":2,"href":"https:\/\/www.tierramadre.org\/ca\/wp-json\/wp\/v2\/posts\/2083\/revisions"}],"predecessor-version":[{"id":2201,"href":"https:\/\/www.tierramadre.org\/ca\/wp-json\/wp\/v2\/posts\/2083\/revisions\/2201"}],"wp:featuredmedia":[{"embeddable":true,"href":"https:\/\/www.tierramadre.org\/ca\/wp-json\/wp\/v2\/media\/2084"}],"wp:attachment":[{"href":"https:\/\/www.tierramadre.org\/ca\/wp-json\/wp\/v2\/media?parent=2083"}],"wp:term":[{"taxonomy":"category","embeddable":true,"href":"https:\/\/www.tierramadre.org\/ca\/wp-json\/wp\/v2\/categories?post=2083"},{"taxonomy":"post_tag","embeddable":true,"href":"https:\/\/www.tierramadre.org\/ca\/wp-json\/wp\/v2\/tags?post=2083"}],"curies":[{"name":"wp","href":"https:\/\/api.w.org\/{rel}","templated":true}]}}